{"id":907,"date":"2010-05-01T01:30:51","date_gmt":"2010-04-30T23:30:51","guid":{"rendered":"http:\/\/www.parteimarx.org\/?p=907"},"modified":"2016-01-19T19:15:59","modified_gmt":"2016-01-19T17:15:59","slug":"blogbuch-1-01-05-2010-von-petrograd-nach-heiligendamm-%e2%80%93-zum-programmentwurf-der-partei-die-linke","status":"publish","type":"post","link":"https:\/\/www.parteimarx.org\/?p=907","title":{"rendered":"BLogbuch 1 2010 : Von Petrograd nach Heiligendamm \u2013 Zum Programmentwurf der Partei Die Linke"},"content":{"rendered":"<p align=\"justify\"><a href=\"http:\/\/www.parteimarx.org\/wp-content\/uploads\/2010\/05\/pM-1406-BL110.pdf\">Diese Datei als PDF herunterladen<\/a><\/p>\n<p align=\"justify\"><span style=\"font-family: Verdana,sans-serif;\"><span style=\"font-size: medium;\">Inhalt<\/p>\n<p><\/span><span style=\"font-size: small;\">Im Mittelpunkt des <\/span><span style=\"font-size: small;\"><i>Programmentwurfs<\/i><\/span><span style=\"font-size: small;\"> der Partei Die Linke stehen nicht die <\/span><span style=\"font-size: small;\">\u2013<\/span><span style=\"font-size: small;\"> ihrer Produktionsmittel beraubten \u2212 <\/span><span style=\"font-size: small;\">Produzenten<\/span><span style=\"font-size: small;\"> des gesellschaftlichen Reichtums als revolution\u00e4res Subjekt. An deren Stelle tritt ein pseudo-revolution\u00e4res <\/span><span style=\"font-size: small;\"><i>patchwork<\/i><\/span><span style=\"font-size: small;\">-Subjekt, das als <\/span><span style=\"font-size: small;\"><u>Mehrheit<\/u><\/span><span style=\"font-size: small;\"> f\u00fcr die Vergesellschaftung des von der reichen <\/span><span style=\"font-size: small;\"><u>Minderheit<\/u><\/span><span style=\"font-size: small;\"> privat angeeigneten gesellschaftlichen Reichtums eintritt; denn \u00bbeine \u00d6konomie der Enteignung macht Mehrheiten \u00e4rmer, um die Reichen reicher zu machen\u00ab. (1)<\/span><\/span><\/p>\n<p align=\"justify\"><span style=\"font-family: Verdana,sans-serif;\"><span style=\"font-size: small;\"><br \/>\nFolgt man dieser verqueren Dialektik, dann haben wir es nicht mit einem <\/span><\/span><span style=\"font-family: Verdana,sans-serif;\"><span style=\"font-size: small;\"><i>sozialen<\/i><\/span><\/span><span style=\"font-family: Verdana,sans-serif;\"><span style=\"font-size: small;\"> Widerspruch zwischen den antagonistischen <\/span><\/span><span style=\"font-family: Verdana,sans-serif;\"><span style=\"font-size: small;\"><i>Klassen<\/i><\/span><\/span><span style=\"font-family: Verdana,sans-serif;\"><span style=\"font-size: small;\"> der b\u00fcrgerlichen Gesellschaft, <\/span><\/span><span style=\"color: #000000;\"><span style=\"font-family: Verdana,sans-serif;\"><span style=\"font-size: small;\">Lohnarbeit <\/span><\/span><\/span><span style=\"font-family: Verdana,sans-serif;\"><span style=\"font-size: small;\">und Kapital, zu tun, sondern laut <\/span><\/span><span style=\"font-family: Verdana,sans-serif;\"><span style=\"font-size: small;\"><i>Programmentwurf <\/i><\/span><\/span><span style=\"font-family: Verdana,sans-serif;\"><span style=\"font-size: small;\">mit einem <\/span><\/span><span style=\"font-family: Verdana,sans-serif;\"><span style=\"font-size: small;\"><i>politischen<\/i><\/span><\/span><span style=\"font-family: Verdana,sans-serif;\"><span style=\"font-size: small;\"> Gegensatz, dem Gegensatz zwischen einer <\/span><\/span><span style=\"font-family: Verdana,sans-serif;\"><span style=\"font-size: small;\"><u>Mehrheit<\/u><\/span><\/span><span style=\"font-family: Verdana,sans-serif;\"><span style=\"font-size: small;\"> der (immer \u00e4rmer werdenden) <\/span><\/span><span style=\"font-family: Verdana,sans-serif;\"><span style=\"font-size: small;\"><i>Konsumenten<\/i><\/span><\/span><span style=\"font-family: Verdana,sans-serif;\"><span style=\"font-size: small;\"> und einer (immer reicher werdenden) <\/span><\/span><span style=\"font-family: Verdana,sans-serif;\"><span style=\"font-size: small;\"><u>Minderheit<\/u><\/span><\/span><span style=\"font-family: Verdana,sans-serif;\"><span style=\"font-size: small;\"> von <\/span><\/span><span style=\"font-family: Verdana,sans-serif;\"><span style=\"font-size: small;\">\u00bbVerm\u00f6gensbesitzern und Spekulanten\u00ab<\/span><\/span><span style=\"font-family: Verdana,sans-serif;\"><span style=\"font-size: small;\">. Der Reichtum scheint hier ebenso \u201aselbstverst\u00e4ndlich\u2019 von <\/span><\/span><span style=\"font-family: Verdana,sans-serif;\"><span style=\"font-size: small;\"><i>den<\/i><\/span><\/span> <span style=\"font-family: Verdana,sans-serif;\"><span style=\"font-size: small;\"><i>Reichen <\/i><\/span><\/span><span style=\"font-family: Verdana,sans-serif;\"><span style=\"font-size: small;\">zu kommen, wie nach einer ironischen Bemerkung von Karl Marx die \u201aArmut von der pauvret\u00e9\u2019. (2) Dieser Ironie setzen die Verfasser noch einen drauf mit der s\u00fcffisanten Bemerkung, da\u00df nur <\/span><\/span><span style=\"font-family: Verdana,sans-serif;\"><span style=\"font-size: small;\">\u00bbReiche sich einen armen Staat leisten (k\u00f6nnen)\u00ab.<\/span><\/span><\/p>\n<p align=\"justify\"><span style=\"font-family: Verdana,sans-serif;\"><span style=\"font-size: small;\"><br \/>\nLeider z\u00fcndet diese Ironie nicht wirklich, weil, erstens, der private Reichtum nicht von <i>den Reichen<\/i>, sondern bekannterma\u00dfen aus der Mehrwertproduktion des Kapitals herr\u00fchrt, den sie als Spekulanten einander wieder abzujagen versuchen und weil, zweitens, die <i>Armen<\/i>, wenn sie als <i>Konsumenten<\/i> in den Genu\u00df des Reichtums der <i>Reichen<\/i> kommen wollten, sich einen (an Unterdr\u00fcckungsorganen) <u>reichen<\/u> \u00bbStaat leisten\u00ab<b> <\/b><u>m\u00fcssen<\/u>, damit die Enteignung der <i>Reichen<\/i> in \u201ageordneten Bahnen\u2019 verl\u00e4uft und verhindert wird, da\u00df sich diese ihrer Enteignung entziehen. <\/span><\/span><\/p>\n<p align=\"justify\"><span style=\"font-family: Verdana,sans-serif;\"><span style=\"font-size: small;\"><br \/>\nGehen wir dagegen mit Marx von einer <\/span><\/span><span style=\"font-family: Verdana,sans-serif;\"><span style=\"font-size: small;\">\u00bbSelbstregierung der <\/span><\/span><span style=\"font-family: Verdana,sans-serif;\"><span style=\"font-size: small;\"><i>Produzenten<\/i><\/span><\/span><span style=\"font-family: Verdana,sans-serif;\"><span style=\"font-size: small;\">\u00ab (3)<\/span><\/span><span style=\"font-family: Verdana,sans-serif;\"><span style=\"font-size: small;\"> (des gesellschaftlichen Reichtums) aus, w\u00fcrde es dort weder <\/span><\/span><span style=\"font-family: Verdana,sans-serif;\"><span style=\"font-size: small;\">\u00bbReiche\u00ab<\/span><\/span><span style=\"font-family: Verdana,sans-serif;\"><span style=\"font-size: small;\"> geben noch einen <\/span><\/span><span style=\"font-family: Verdana,sans-serif;\"><span style=\"font-size: small;\">\u00bbStaat\u00ab<\/span><\/span><span style=\"font-family: Verdana,sans-serif;\"><span style=\"font-size: small;\">, der den Reichtum \u201agerechter\u2019 verteilt, geben m\u00fcssen. Das kann auch ohne einen wie auch immer gearteten Verteiler von den genossenschaftlichen <\/span><\/span><span style=\"font-family: Verdana,sans-serif;\"><span style=\"font-size: small;\"><i>Produzenten<\/i><\/span><\/span><span style=\"font-family: Verdana,sans-serif;\"><span style=\"font-size: small;\"> des gesellschaftlichen Reichtums selbst erledigt werden, <\/span><\/span><span style=\"color: #000000;\"><span style=\"font-family: Verdana,sans-serif;\"><span style=\"font-size: small;\">d.h.<\/span><\/span><\/span><span style=\"font-family: Verdana,sans-serif;\"><span style=\"font-size: small;\"> in jedem Fall nicht durch so etwas wie den Staat.<\/span><\/span><\/p>\n<p align=\"justify\"><span style=\"font-family: Verdana,sans-serif;\"><span style=\"font-size: small;\"><br \/>\nDie <\/span><\/span><span style=\"font-family: Verdana,sans-serif;\"><span style=\"font-size: small;\"><i>Armen<\/i><\/span><\/span><span style=\"font-family: Verdana,sans-serif;\"><span style=\"font-size: small;\"> verf\u00fcgen dagegen au\u00dfer dem von ihrer Armut ausgehenden moralischen Druck auf die \u00fcbrige Gesellschaft, diese zu lindern, \u00fcber keine gesellschaftliche Macht, wie das f\u00fcr Gewerkschaften zutrifft, was auch den Autoren des <\/span><\/span><span style=\"font-family: Verdana,sans-serif;\"><span style=\"font-size: small;\"><i>Programmentwurfs<\/i><\/span><\/span><span style=\"font-family: Verdana,sans-serif;\"><span style=\"font-size: small;\"> nicht entgangen ist. (4) (Nur, wer sind <\/span><\/span><span style=\"font-family: Verdana,sans-serif;\"><span style=\"font-size: small;\"><u>diese<\/u><\/span><\/span><span style=\"font-family: Verdana,sans-serif;\"><span style=\"font-size: small;\"> Gewerkschaften? Sind sie denn etwas anderes als eine Versicherungsagentur zum Schutz der Lohnarbeit vor der drohenden absoluten Verelendung und zum Schutz des Kapitals vor nicht mehr beherrschbaren Klassenk\u00e4mpfen?)<\/span><\/span><\/p>\n<p align=\"justify\"><span style=\"font-family: Verdana,sans-serif;\"><span style=\"font-size: small;\"><br \/>\nDa aber laut <\/span><\/span><span style=\"font-family: Verdana,sans-serif;\"><span style=\"font-size: small;\"><i>Programmentwurf<\/i><\/span><\/span><span style=\"font-family: Verdana,sans-serif;\"><span style=\"font-size: small;\"> und nach den Wahlkampfreden Linker Politiker die <\/span><\/span><span style=\"font-family: Verdana,sans-serif;\"><span style=\"font-size: small;\"><i>Armen<\/i><\/span><\/span><span style=\"font-family: Verdana,sans-serif;\"><span style=\"font-size: small;\"> immer \u00e4rmer werden, ist es irgendwann an der Zeit, da\u00df die von der (reichen) <\/span><\/span><span style=\"font-family: Verdana,sans-serif;\"><span style=\"font-size: small;\"><u>Minderheit<\/u><\/span><\/span><span style=\"font-family: Verdana,sans-serif;\"><span style=\"font-size: small;\"> ins Elend gest\u00fcrzte <\/span><\/span><span style=\"font-family: Verdana,sans-serif;\"><span style=\"font-size: small;\"><i>politische<\/i><\/span><\/span> <span style=\"font-family: Verdana,sans-serif;\"><span style=\"font-size: small;\"><u>Mehrheit<\/u><\/span><\/span><span style=\"font-family: Verdana,sans-serif;\"><span style=\"font-size: small;\"> oder <\/span><\/span><span style=\"font-family: Verdana,sans-serif;\"><span style=\"font-size: small;\"><i>multitude <\/i><\/span><\/span><span style=\"font-family: Verdana,sans-serif;\"><span style=\"font-size: small;\">(5)<\/span><\/span><span style=\"font-family: Verdana,sans-serif;\"><span style=\"font-size: small;\"> eine Linke Regierung die Macht ergreifen l\u00e4\u00dft, die den <\/span><\/span><span style=\"font-family: Verdana,sans-serif;\"><span style=\"font-size: small;\"><i>Reichen<\/i><\/span><\/span><span style=\"font-family: Verdana,sans-serif;\"><span style=\"font-size: small;\"> den privat angeeigneten gesellschaftlichen Reichtum St\u00fcck f\u00fcr St\u00fcck wieder abjagt, um ihn zu \u201avergesellschaften\u2019. (\u201aVergesellschaften\u2019 in Parenthese, weil eigentlich nur eine <\/span><\/span><span style=\"font-family: Verdana,sans-serif;\"><span style=\"font-size: small;\">\u00bbSelbstregierung der <\/span><\/span><span style=\"font-family: Verdana,sans-serif;\"><span style=\"font-size: small;\"><i>Produzenten<\/i><\/span><\/span><span style=\"font-family: Verdana,sans-serif;\"><span style=\"font-size: small;\">\u00ab<\/span><\/span><span style=\"font-family: Verdana,sans-serif;\"><span style=\"font-size: small;\"> verhindern kann, da\u00df der \u201avergesellschaftete\u2019 Reichtum durch eine Linke Nomenklatura kollektiv reprivatisiert wird!) (4) Aus diesem Grund ben\u00f6tigt der Linke <\/span><\/span><span style=\"font-family: Verdana,sans-serif;\"><span style=\"font-size: small;\"><i>multitude<\/i><\/span><\/span><span style=\"font-family: Verdana,sans-serif;\"><span style=\"font-size: small;\">-Sozialismus an der Macht einen m\u00e4chtigen und sich st\u00e4ndig weiter aufbl\u00e4henden Staatsapparat, der daf\u00fcr Sorge tr\u00e4gt, da\u00df unter Anleitung und Aufsicht der Linken Regierung der \u201avergesellschaftete\u2019 Reichtum \u201agerechter\u2019 verteilt und die zur Beschneidung des Reichtums der <\/span><\/span><span style=\"font-family: Verdana,sans-serif;\"><span style=\"font-size: small;\"><i>Reichen<\/i><\/span><\/span><span style=\"font-family: Verdana,sans-serif;\"><span style=\"font-size: small;\"> ausgesprochenen Verbote und Verhaltensma\u00dfregeln eingehalten und kontrolliert werden. <\/span><\/span><\/p>\n<p align=\"justify\"><span style=\"font-family: Verdana,sans-serif;\"><span style=\"font-size: small;\"><br \/>\nDa sich die Deprivatisierung des gesellschaftlichen Reichtums aber laut <\/span><span style=\"font-size: small;\"><i>Programmentwurf<\/i><\/span><span style=\"font-size: small;\"> \u00bbdemokratisch\u00ab vollziehen soll (eine der am h\u00e4ufigsten verwendeten Lieblingsvokabel!), wird dem \u00bbKartell der neoliberalen Parteien\u00ab das politische Kartell Der Linken in Gestalt einer Linken <\/span><span style=\"font-size: small;\"><i>Einheitspartei<\/i><\/span><span style=\"font-size: small;\"> entgegengesetzt werden m\u00fcssen, die wiederum, um l\u00e4nger an der Macht zu bleiben (denn die \u201agerechte\u2019 Verteilung des gesellschaftlichen Reichtums l\u00e4\u00dft sich schwerlich in einer einzigen Legislaturperiode erledigen!), alle <\/span><span style=\"font-size: small;\"><i>Armen<\/i><\/span><span style=\"font-size: small;\"> in einer modernisierten Form der Stalinschen <\/span><span style=\"font-size: small;\"><i>Volksfront <\/i><\/span><span style=\"font-size: small;\">organisiert. (Wie das praktisch zu handhaben w\u00e4re, zeigen die aktuellen \u201abolivarianischen\u2019 Vorbilder aus Lateinamerika, denen Die Linke ausdr\u00fccklich ihre \u00bbSolidarit\u00e4t\u00ab bezeugt.) (4)<\/span><\/span><\/p>\n<p align=\"justify\"><span style=\"font-family: Verdana,sans-serif;\"><span style=\"font-size: small;\"><br \/>\nMit einer (modernisierten) <\/span><span style=\"font-size: small;\"><i>Volksfront<\/i><\/span><span style=\"font-size: small;\">-Regierung an der Macht w\u00e4re die ehemalige SED-PDS wieder an den Punkt zur\u00fcckgekehrt, an dem der Aufstand der <\/span><span style=\"font-size: small;\"><u>Mehrheit <\/u><\/span><span style=\"font-size: small;\">der DDR-Bev\u00f6lkerung gegen das Knastregime der DDR-Nomenklatura 1989 politisch aus dem Ruder gelaufen war, weil die Besatzungsmacht f\u00fcr die \u00dcbertragung der <\/span><span style=\"font-size: small;\"><i>Glasnost<\/i><\/span><span style=\"font-size: small;\">-Politik auf die DDR den Besatzungsmacht-Sozialismus h\u00e4tte weiterhin k\u00fcnstlich am Leben erhalten m\u00fcssen. Der war aber nicht mehr finanzierbar, weil der <\/span><span style=\"font-size: small;\"><i>Input<\/i><\/span><span style=\"font-size: small;\"> in Richtung DDR den kolonialen <\/span><span style=\"font-size: small;\"><i>Output<\/i><\/span><span style=\"font-size: small;\"> aus der DDR in Richtung <\/span><span style=\"color: #000000;\"><span style=\"font-size: small;\">Sowjetunion<\/span><\/span><span style=\"font-size: small;\"> seit Jahren um ein Betr\u00e4chtliches \u00fcberstieg.<\/span><\/span><\/p>\n<p align=\"justify\"><span style=\"font-family: Verdana,sans-serif;\"><span style=\"font-size: small;\"><br \/>\nWas die Partei Die Linke ihren W\u00e4hlern und Mitgliedern anbietet und mit diesem <\/span><span style=\"font-size: small;\"><i>Programmentwurf<\/i><\/span><span style=\"font-size: small;\"> zum vorl\u00e4ufigen Abschlu\u00df bringt, ist, nach der \u201aWiedervereinigung\u2019 des \u201aWestens\u2019 mit dem \u201aOsten\u2019, <\/span><span style=\"color: #000000;\"><span style=\"font-size: small;\">d.h.<\/span><\/span><span style=\"font-size: small;\"> der \u00fcberaus kostspieligen Abwicklung des Staatsbankrotts der DDR durch das deutsche Kapital (oder den sogenannten \u00bb<\/span><span style=\"color: #000000;\"><span style=\"font-size: small;\">Neoliberalismus\u00ab)<\/span><\/span><span style=\"font-size: small;\"> und ihrem Beitritt zum Grundgesetz der BRD, eine \u201aWiedervereinigung\u2019 der Linken des \u201aOstens\u2019 mit derjenigen des \u201aWestens\u2019. Gemeinsam soll nun der lange Marsch in eine vom alten \u00bbstalinistischen\u00ab<\/span><b> <\/b><span style=\"font-size: small;\">SED-Ballast befreite moderne Ausgabe der Stalinschen<\/span><span style=\"font-size: small;\"><i> Volksdemokratie<\/i><\/span><span style=\"font-size: small;\"> angetreten werden. (6)<\/span><\/span><\/p>\n<p align=\"justify\"><span style=\"font-family: Verdana,sans-serif;\"><span style=\"font-size: small;\"><\/p>\n<p><\/span><span style=\"font-size: small;\"><u>Quellen<\/u><\/span><span style=\"font-size: small;\">: (1) <\/span><span style=\"font-size: small;\"><i>Neues Deutschland<\/i><\/span><span style=\"font-size: small;\"> 12.04.2010. (2) MEW 24,477. (3) MEW 17,339. (4) Nachweise im <\/span><span style=\"font-size: small;\"><i>Programmentwurf<\/i><\/span><span style=\"font-size: small;\"> siehe pdf-Version. (5) KRITIK 1 Zur Kritik am Projekt <\/span><span style=\"font-size: small;\"><i>partei Marx<\/i><\/span><span style=\"font-size: small;\">, 6 ff. (6) BL709 Wie man in den Wald hineinruft.<\/span><\/span><\/p>\n","protected":false},"excerpt":{"rendered":"<p>Diese Datei als PDF herunterladen Inhalt Im Mittelpunkt des Programmentwurfs der Partei Die Linke stehen nicht die \u2013 ihrer Produktionsmittel beraubten \u2212 Produzenten des gesellschaftlichen Reichtums als revolution\u00e4res Subjekt. An deren Stelle tritt ein pseudo-revolution\u00e4res patchwork-Subjekt, das als Mehrheit f\u00fcr die Vergesellschaftung des von der reichen Minderheit privat angeeigneten gesellschaftlichen Reichtums eintritt; denn \u00bbeine \u00d6konomie [&hellip;]<\/p>\n","protected":false},"author":2,"featured_media":0,"comment_status":"open","ping_status":"closed","sticky":false,"template":"","format":"standard","meta":[],"categories":[19],"tags":[],"_links":{"self":[{"href":"https:\/\/www.parteimarx.org\/index.php?rest_route=\/wp\/v2\/posts\/907"}],"collection":[{"href":"https:\/\/www.parteimarx.org\/index.php?rest_route=\/wp\/v2\/posts"}],"about":[{"href":"https:\/\/www.parteimarx.org\/index.php?rest_route=\/wp\/v2\/types\/post"}],"author":[{"embeddable":true,"href":"https:\/\/www.parteimarx.org\/index.php?rest_route=\/wp\/v2\/users\/2"}],"replies":[{"embeddable":true,"href":"https:\/\/www.parteimarx.org\/index.php?rest_route=%2Fwp%2Fv2%2Fcomments&post=907"}],"version-history":[{"count":0,"href":"https:\/\/www.parteimarx.org\/index.php?rest_route=\/wp\/v2\/posts\/907\/revisions"}],"wp:attachment":[{"href":"https:\/\/www.parteimarx.org\/index.php?rest_route=%2Fwp%2Fv2%2Fmedia&parent=907"}],"wp:term":[{"taxonomy":"category","embeddable":true,"href":"https:\/\/www.parteimarx.org\/index.php?rest_route=%2Fwp%2Fv2%2Fcategories&post=907"},{"taxonomy":"post_tag","embeddable":true,"href":"https:\/\/www.parteimarx.org\/index.php?rest_route=%2Fwp%2Fv2%2Ftags&post=907"}],"curies":[{"name":"wp","href":"https:\/\/api.w.org\/{rel}","templated":true}]}}